{"id":1625,"date":"2024-08-20T06:40:08","date_gmt":"2024-08-20T06:40:08","guid":{"rendered":"https:\/\/sportano.de\/blog\/?p=1625"},"modified":"2024-08-20T06:40:09","modified_gmt":"2024-08-20T06:40:09","slug":"wie-du-dein-fahrrad-richtig-anpasst-fahrrad-rahmengroesse","status":"publish","type":"post","link":"https:\/\/sportano.de\/blog\/wie-du-dein-fahrrad-richtig-anpasst-fahrrad-rahmengroesse\/","title":{"rendered":"Wie du dein Fahrrad richtig anpasst: Fahrrad Rahmengr\u00f6\u00dfe"},"content":{"rendered":"\n<p><span><strong>Egal, ob du ein begeisterter Bergwanderer, ein leidenschaftlicher Rennradfahrer oder einfach nur auf der Suche nach einem bequemen Stadtrad bist &#8211; die richtige Rahmengr\u00f6\u00dfe ist entscheidend f\u00fcr Komfort, Leistung und Sicherheit und daf\u00fcr, dass du deine Fahrt in vollen Z\u00fcgen genie\u00dfen kannst. Hier erf\u00e4hrst du, was du bei der Wahl der richtigen Rahmengr\u00f6\u00dfe beachten solltest. <\/strong><\/span><\/p>\n\n\n\n<h2 class=\"wp-block-heading\"><span>Die richtige Gr\u00f6\u00dfe des Fahrradrahmens &#8211; warum ist sie wichtig? <\/span><\/h2>\n\n\n\n<p><span>Ein zu gro\u00dfer oder zu kleiner Rahmen an einem Fahrrad kann zu einer unbequemen Fahrposition f\u00fchren und deine Gelenke und Muskeln \u00fcberm\u00e4\u00dfig belasten, was wiederum zu Beeintr\u00e4chtigungen oder schweren Verletzungen f\u00fchren kann. Wenn der Rahmen zu gro\u00df ist, \u00fcberstreckst du dich auf dem Fahrrad, was R\u00fccken-, Schulter- und Nackenschmerzen f\u00f6rdert. Au\u00dferdem steigt das Risiko, dass du das Fahrrad nicht kontrollieren kannst, vor allem beim Wenden oder Man\u00f6vrieren in schwierigem Gel\u00e4nde. Wenn dein Rahmen zu klein ist, kann das deine Bewegungsfreiheit einschr\u00e4nken. Ein falsch bemessener Fahrradrahmen kann die Einstellung der Sattelh\u00f6he erschweren und das Risiko gef\u00e4hrlicher Situationen erh\u00f6hen, vor allem wenn du \u00fcber schwieriges Gel\u00e4nde oder mit h\u00f6herer Geschwindigkeit f\u00e4hrst. Deshalb ist es wichtig, die Rahmengr\u00f6\u00dfe sorgf\u00e4ltig an die individuellen anatomischen Merkmale, den Fahrstil und die Erwartungen anzupassen.<\/span><\/p>\n\n\n\n<p><span>Ein richtig passender Rahmen erm\u00f6glicht eine bequeme Fahrposition, eine effiziente Kraft\u00fcbertragung auf die Pedale und eine stabile Haltung. Bei Mountainbikes, wo das Fahren technisch anspruchsvoller sein kann, ist dieser Parameter entscheidend, um die volle Kontrolle \u00fcber das Fahrrad zu gew\u00e4hrleisten, wenn es \u00fcber anspruchsvolles Gel\u00e4nde geht. Bei Rennr\u00e4dern, auf denen oft mit hohen Geschwindigkeiten gefahren wird, ist die richtige Rahmengeometrie entscheidend f\u00fcr die Stabilit\u00e4t und Sicherheit. Wenn du lieber lange Strecken oder hohe Geschwindigkeiten f\u00e4hrst, kann die richtige Rahmengr\u00f6\u00dfe einen gro\u00dfen Unterschied bei den Ergebnissen machen, die du erzielst. <\/span><\/p>\n\n\n\n<h2 class=\"wp-block-heading\"><span>Fahrradrahmen-Gr\u00f6\u00dfe &#8211; wie w\u00e4hlt man sie aus? <\/span><\/h2>\n\n\n\n<p><span>Die Wahl der richtigen <\/span><span>Fahrradrahmen Gr\u00f6\u00dfe<\/span><span> h\u00e4ngt von einer Reihe von Faktoren ab, darunter K\u00f6rpergr\u00f6\u00dfe, K\u00f6rperproportionen (z. B. L\u00e4nge der Beine, des Rumpfes und der Arme), Vorlieben des Radfahrers, Fahrstil und Fahrradtyp (Stadt-, Rennrad-, Berg-, Trekking-, Crossrad usw.). Auch die Geometrie des Fahrrads ist entscheidend, denn sie beeinflusst die Fahrposition und die Leistung. <\/span><\/p>\n\n\n\n<h3 class=\"wp-block-heading\"><span>Fahrrad Rahmengr\u00f6\u00dfe vs. K\u00f6rpergr\u00f6\u00dfe <\/span><\/h3>\n\n\n\n<p><span>Fahrradhersteller stellen ihre eigenen Gr\u00f6\u00dfentabellen f\u00fcr ein bestimmtes Modell zur Verf\u00fcgung, die Empfehlungen f\u00fcr die Anpassung des Rahmens an die K\u00f6rpergr\u00f6\u00dfe enthalten. Die Marken k\u00f6nnen die Fahrradrahmengr\u00f6\u00dfen in cm, Zoll oder mit Buchstaben angeben: S, M, L, XL.<\/span><\/p>\n\n\n\n<p><span>Ein n\u00fctzlicher Parameter f\u00fcr die Auswahl einer Fahrradrahmengr\u00f6\u00dfe ist die Messung der L\u00e4nge der Innenseite des Beins, der sogenannte <\/span><span><strong>Querschnitt. Er wird vom Schritt bis zur Ferse gemessen<\/strong><\/span><span>. Anhand dieses Ma\u00dfes wird die H\u00f6he des Sattels bestimmt und die passende H\u00f6he und Gr\u00f6\u00dfe des Fahrradrahmens ausgew\u00e4hlt, was f\u00fcr Komfort, Leistung und Sicherheit beim Radfahren wichtig ist. <\/span><\/p>\n\n\n\n<p><span>Um die Diagonale zu messen, brauchst du ein Schneiderma\u00dfband, ein gebundenes Buch und eine Wand. <\/span><\/p>\n\n\n\n<ul class=\"wp-block-list\">\n<li><span>Stell dich barfu\u00df mit dem R\u00fccken zur Wand und spreize deine Beine h\u00fcftbreit auseinander. Achte darauf, dass deine Fersen die Wand ber\u00fchren, um Stabilit\u00e4t und eine korrekte Messung zu gew\u00e4hrleisten.<\/span><\/li>\n\n\n\n<li><span>Lege ein Buch so zwischen deine Beine, dass es parallel zum Boden liegt und die Oberkante die Wand ber\u00fchrt.<\/span><\/li>\n\n\n\n<li><span>Dr\u00fccke das Buch sanft nach unten und richte es so auf deinen Schritt, dass es bequem sitzt.<\/span><\/li>\n\n\n\n<li><span>Miss den Abstand von der Oberkante des Buches zum Boden und notiere das Ergebnis.<\/span><\/li>\n<\/ul>\n\n\n\n<p><span>Multipliziere dann das Ergebnis mit: <\/span><\/p>\n\n\n\n<ul class=\"wp-block-list\">\n<li><span><strong>0,57 <\/strong><\/span><span>f\u00fcr MTB-Fahrr\u00e4der mit 26 und 27,5\u2033- Radgr\u00f6\u00dfe;<\/span><span><strong><\/strong><\/span><\/li>\n\n\n\n<li><span><strong>0,60 <\/strong><\/span><span>f\u00fcr MTB-Fahrr\u00e4der mit 29\u2033- Radgr\u00f6\u00dfe;<\/span><span><strong><\/strong><\/span><\/li>\n\n\n\n<li><span><strong>0,63 <\/strong><\/span><span>f\u00fcr Trekking-, City- und Cross-Country- Fahrr\u00e4der;<\/span><span><strong><\/strong><\/span><\/li>\n\n\n\n<li><span><strong>0,66 <\/strong><\/span><span>f\u00fcr Rennr\u00e4der und Schotterr\u00e4der.<\/span><\/li>\n<\/ul>\n\n\n\n<p><span><\/span><\/p>\n\n\n\n<p class=\"has-text-align-center\"><span><em>Beispiel f\u00fcr ein MTB- Fahrrad und eine Person mit einem Querschnitt von 80 cm:<\/em><\/span><\/p>\n\n\n\n<p class=\"has-text-align-center\"><span><em>80 cm x 0,57 = 45,6 cm<\/em><\/span><\/p>\n\n\n\n<p class=\"has-text-align-center\"><span><em>Wenn du die Rahmengr\u00f6\u00dfe in Zoll ben\u00f6tigst, teile das Ergebnis durch 2,54 (1 Zoll = 2,54 cm). <\/em><\/span><\/p>\n\n\n\n<p class=\"has-text-align-center\"><span><em>45,6 : 2,54 = 18 Zoll<\/em><\/span><\/p>\n\n\n\n<p class=\"has-text-align-center\"><span><em>Beispiel f\u00fcr ein Rennrad und eine Person mit einem Querschnitt von 80 cm: <\/em><\/span><\/p>\n\n\n\n<p class=\"has-text-align-center\"><span><em>80 cm x 0,66 = 52,8 cm<\/em><\/span><\/p>\n\n\n\n<p class=\"has-text-align-center\"><span><em>52,8 : 2,54 = 22 Zoll<\/em><\/span><\/p>\n\n\n\n<p class=\"has-text-align-left has-text-align-center\"><span>Beispieltabelle der Fahrradrahmengr\u00f6\u00dfen f\u00fcr Mountainbikes f\u00fcr Erwachsene: <\/span><\/p>\n\n\n\n<figure class=\"wp-block-table\"><table class=\"has-fixed-layout\"><thead><tr><td class=\"has-text-align-center\" data-align=\"center\"><strong>K\u00f6rpergr\u00f6\u00dfe (cm)<\/strong><\/td><td class=\"has-text-align-center\" data-align=\"center\"><strong>Rahmengr\u00f6\u00dfe (Zoll)<\/strong><br><\/td><td class=\"has-text-align-center\" data-align=\"center\"><strong>Rahmengr\u00f6\u00dfe (cm)<\/strong><\/td><td class=\"has-text-align-center\" data-align=\"center\"><strong>Rahmengr\u00f6\u00dfe (Buchstabe)<\/strong><\/td><\/tr><\/thead><tbody><tr><td class=\"has-text-align-center\" data-align=\"center\">do 152<\/td><td class=\"has-text-align-center\" data-align=\"center\">14<\/td><td class=\"has-text-align-center\" data-align=\"center\">33-36<\/td><td class=\"has-text-align-center\" data-align=\"center\">XS<\/td><\/tr><tr><td class=\"has-text-align-center\" data-align=\"center\">152 \u2013 160<\/td><td class=\"has-text-align-center\" data-align=\"center\">14-15<\/td><td class=\"has-text-align-center\" data-align=\"center\">36-39<\/td><td class=\"has-text-align-center\" data-align=\"center\">XS\/S<\/td><\/tr><tr><td class=\"has-text-align-center\" data-align=\"center\">160 \u2013 165<\/td><td class=\"has-text-align-center\" data-align=\"center\">15-16<\/td><td class=\"has-text-align-center\" data-align=\"center\">38-40<\/td><td class=\"has-text-align-center\" data-align=\"center\">S<\/td><\/tr><tr><td class=\"has-text-align-center\" data-align=\"center\">165 \u2013 170<\/td><td class=\"has-text-align-center\" data-align=\"center\">16 \u2013 17<\/td><td class=\"has-text-align-center\" data-align=\"center\">40-43<\/td><td class=\"has-text-align-center\" data-align=\"center\">S\/M<\/td><\/tr><tr><td class=\"has-text-align-center\" data-align=\"center\">170 \u2013 175<\/td><td class=\"has-text-align-center\" data-align=\"center\">17-18<\/td><td class=\"has-text-align-center\" data-align=\"center\">43-46<\/td><td class=\"has-text-align-center\" data-align=\"center\">M<\/td><\/tr><tr><td class=\"has-text-align-center\" data-align=\"center\">175 \u2013 180<\/td><td class=\"has-text-align-center\" data-align=\"center\">18-19<\/td><td class=\"has-text-align-center\" data-align=\"center\">45-48<\/td><td class=\"has-text-align-center\" data-align=\"center\">M\/L<\/td><\/tr><tr><td class=\"has-text-align-center\" data-align=\"center\">180 \u2013 185<\/td><td class=\"has-text-align-center\" data-align=\"center\">19-20<\/td><td class=\"has-text-align-center\" data-align=\"center\">48-51<\/td><td class=\"has-text-align-center\" data-align=\"center\">L<\/td><\/tr><tr><td class=\"has-text-align-center\" data-align=\"center\">185 \u2013 190<\/td><td class=\"has-text-align-center\" data-align=\"center\">20-21<\/td><td class=\"has-text-align-center\" data-align=\"center\">51- 53<\/td><td class=\"has-text-align-center\" data-align=\"center\">L\/XL<\/td><\/tr><tr><td class=\"has-text-align-center\" data-align=\"center\">190 \u2013 195<\/td><td class=\"has-text-align-center\" data-align=\"center\">21-22<\/td><td class=\"has-text-align-center\" data-align=\"center\">53-56<\/td><td class=\"has-text-align-center\" data-align=\"center\">XL<\/td><\/tr><tr><td class=\"has-text-align-center\" data-align=\"center\">\u00fcber 195<\/td><td class=\"has-text-align-center\" data-align=\"center\">22-23<\/td><td class=\"has-text-align-center\" data-align=\"center\">\u00fcber56<\/td><td class=\"has-text-align-center\" data-align=\"center\">XL\/XXL<\/td><\/tr><\/tbody><\/table><\/figure>\n\n\n\n<p class=\"has-text-align-left has-text-align-center\"><span>Beispieltabelle mit Fahrradrahmengr\u00f6\u00dfen f\u00fcr erwachsene Rennr\u00e4der und Schotterr\u00e4der:<\/span><\/p>\n\n\n\n<figure class=\"wp-block-table\"><table class=\"has-fixed-layout\"><thead><tr><td class=\"has-text-align-center\" data-align=\"center\"><strong>K\u00f6rpergr\u00f6\u00dfe (cm)<\/strong><\/td><td class=\"has-text-align-center\" data-align=\"center\"><strong>Rahmengr\u00f6\u00dfe (cm)<\/strong><\/td><td class=\"has-text-align-center\" data-align=\"center\"><strong>Rahmengr\u00f6\u00dfe (Zoll)<\/strong><\/td><td class=\"has-text-align-center\" data-align=\"center\"><strong>Rahmengr\u00f6\u00dfe (Buchstabe)<\/strong><\/td><\/tr><\/thead><tbody><tr><td class=\"has-text-align-center\" data-align=\"center\">do 152<\/td><td class=\"has-text-align-center\" data-align=\"center\">46-48<\/td><td class=\"has-text-align-center\" data-align=\"center\">19<\/td><td class=\"has-text-align-center\" data-align=\"center\">XS<\/td><\/tr><tr><td class=\"has-text-align-center\" data-align=\"center\">152 \u2013 160<\/td><td class=\"has-text-align-center\" data-align=\"center\">49-50<\/td><td class=\"has-text-align-center\" data-align=\"center\">20<\/td><td class=\"has-text-align-center\" data-align=\"center\">S<\/td><\/tr><tr><td class=\"has-text-align-center\" data-align=\"center\">160 \u2013 165<\/td><td class=\"has-text-align-center\" data-align=\"center\">50-51<\/td><td class=\"has-text-align-center\" data-align=\"center\">20-21<\/td><td class=\"has-text-align-center\" data-align=\"center\">S\/M<\/td><\/tr><tr><td class=\"has-text-align-center\" data-align=\"center\">165 \u2013 170<\/td><td class=\"has-text-align-center\" data-align=\"center\">52-53<\/td><td class=\"has-text-align-center\" data-align=\"center\">21<\/td><td class=\"has-text-align-center\" data-align=\"center\">M<\/td><\/tr><tr><td class=\"has-text-align-center\" data-align=\"center\">170 \u2013 175<\/td><td class=\"has-text-align-center\" data-align=\"center\">53-55<\/td><td class=\"has-text-align-center\" data-align=\"center\">21-22<\/td><td class=\"has-text-align-center\" data-align=\"center\">M\/L<\/td><\/tr><tr><td class=\"has-text-align-center\" data-align=\"center\">175 \u2013 180<\/td><td class=\"has-text-align-center\" data-align=\"center\">54-56<\/td><td class=\"has-text-align-center\" data-align=\"center\">22<\/td><td class=\"has-text-align-center\" data-align=\"center\">L<\/td><\/tr><tr><td class=\"has-text-align-center\" data-align=\"center\">180 \u2013 185<\/td><td class=\"has-text-align-center\" data-align=\"center\">56-57<\/td><td class=\"has-text-align-center\" data-align=\"center\">22-23<\/td><td class=\"has-text-align-center\" data-align=\"center\">L\/XL<\/td><\/tr><tr><td class=\"has-text-align-center\" data-align=\"center\">185 \u2013 190<\/td><td class=\"has-text-align-center\" data-align=\"center\">57-58<\/td><td class=\"has-text-align-center\" data-align=\"center\">23<\/td><td class=\"has-text-align-center\" data-align=\"center\">XL<\/td><\/tr><tr><td class=\"has-text-align-center\" data-align=\"center\">190 \u2013 195<\/td><td class=\"has-text-align-center\" data-align=\"center\">58-60<\/td><td class=\"has-text-align-center\" data-align=\"center\">23-24<\/td><td class=\"has-text-align-center\" data-align=\"center\">XL\/XXL<\/td><\/tr><tr><td class=\"has-text-align-center\" data-align=\"center\">\u00fcber 195<\/td><td class=\"has-text-align-center\" data-align=\"center\">60 und mehr<\/td><td class=\"has-text-align-center\" data-align=\"center\">24<\/td><td class=\"has-text-align-center\" data-align=\"center\">XXL<\/td><\/tr><\/tbody><\/table><\/figure>\n\n\n\n<p class=\"has-text-align-left has-text-align-center\"><span>Beispieltabelle der Fahrradrahmengr\u00f6\u00dfen f\u00fcr City- und Trekkingr\u00e4der<\/span><\/p>\n\n\n\n<figure class=\"wp-block-table\"><table class=\"has-fixed-layout\"><thead><tr><td class=\"has-text-align-center\" data-align=\"center\"><strong>K\u00f6rpergr\u00f6\u00dfe (cm)<\/strong><\/td><td class=\"has-text-align-center\" data-align=\"center\"><strong>Rahmengr\u00f6\u00dfe (Zoll)<\/strong><\/td><td class=\"has-text-align-center\" data-align=\"center\"><strong>Rahmengr\u00f6\u00dfe (cm)<\/strong><\/td><td class=\"has-text-align-center\" data-align=\"center\"><strong>Rahmengr\u00f6\u00dfe (Buchstabe)<\/strong><\/td><\/tr><\/thead><tbody><tr><td class=\"has-text-align-center\" data-align=\"center\">do 152<\/td><td class=\"has-text-align-center\" data-align=\"center\">15-16<\/td><td class=\"has-text-align-center\" data-align=\"center\">38-41<\/td><td class=\"has-text-align-center\" data-align=\"center\">XS<\/td><\/tr><tr><td class=\"has-text-align-center\" data-align=\"center\">152 \u2013 160<\/td><td class=\"has-text-align-center\" data-align=\"center\">16-17<\/td><td class=\"has-text-align-center\" data-align=\"center\">41-43<\/td><td class=\"has-text-align-center\" data-align=\"center\">S\/M<\/td><\/tr><tr><td class=\"has-text-align-center\" data-align=\"center\">160 \u2013 165<\/td><td class=\"has-text-align-center\" data-align=\"center\">17-18<\/td><td class=\"has-text-align-center\" data-align=\"center\">43-46<\/td><td class=\"has-text-align-center\" data-align=\"center\">M<\/td><\/tr><tr><td class=\"has-text-align-center\" data-align=\"center\">165 \u2013 170<\/td><td class=\"has-text-align-center\" data-align=\"center\">18-19<\/td><td class=\"has-text-align-center\" data-align=\"center\">45-48<\/td><td class=\"has-text-align-center\" data-align=\"center\">M\/L<\/td><\/tr><tr><td class=\"has-text-align-center\" data-align=\"center\">170 \u2013 175<\/td><td class=\"has-text-align-center\" data-align=\"center\">19-20<\/td><td class=\"has-text-align-center\" data-align=\"center\">48-51<\/td><td class=\"has-text-align-center\" data-align=\"center\">L<\/td><\/tr><tr><td class=\"has-text-align-center\" data-align=\"center\">175 \u2013 180<\/td><td class=\"has-text-align-center\" data-align=\"center\">20-21<\/td><td class=\"has-text-align-center\" data-align=\"center\">50-54<\/td><td class=\"has-text-align-center\" data-align=\"center\">L\/XL<\/td><\/tr><tr><td class=\"has-text-align-center\" data-align=\"center\">180 \u2013 185<\/td><td class=\"has-text-align-center\" data-align=\"center\">21-22<\/td><td class=\"has-text-align-center\" data-align=\"center\">53-56<\/td><td class=\"has-text-align-center\" data-align=\"center\">XL<\/td><\/tr><tr><td class=\"has-text-align-center\" data-align=\"center\">185 \u2013 190<\/td><td class=\"has-text-align-center\" data-align=\"center\">22-23<\/td><td class=\"has-text-align-center\" data-align=\"center\">55-59<\/td><td class=\"has-text-align-center\" data-align=\"center\">XL\/XXL<\/td><\/tr><tr><td class=\"has-text-align-center\" data-align=\"center\">\u00fcber 190<\/td><td class=\"has-text-align-center\" data-align=\"center\">23-24<\/td><td class=\"has-text-align-center\" data-align=\"center\">59-62<\/td><td class=\"has-text-align-center\" data-align=\"center\">XXL<\/td><\/tr><\/tbody><\/table><\/figure>\n\n\n\n<p><span>Die obigen Tabellen k\u00f6nnen als Referenz dienen, aber es lohnt sich, daran zu denken, dass die endg\u00fcltige Wahl von den Vorlieben des Radfahrers und seinen individuellen anatomischen Eigenschaften abh\u00e4ngt. Es ist immer ratsam, verschiedene Rahmengr\u00f6\u00dfen zu testen, um die am besten geeignete zu finden. Au\u00dferdem lohnt es sich, beim Kauf eines Fahrrads auch die Rahmenl\u00e4nge, die Sattelh\u00f6he und die Stegl\u00e4nge zu ber\u00fccksichtigen, um eine optimale Anpassung und einen hohen Fahrkomfort zu gew\u00e4hrleisten.<\/span><\/p>\n\n\n\n<h2 class=\"wp-block-heading\"><span>Wie w\u00e4hlt man die richtige Fahrradgr\u00f6\u00dfe? Nutze das Bikefitting <\/span><\/h2>\n\n\n\n<p><span>Denke daran, dass jeder Radfahrer individuelle Vorlieben und Bed\u00fcrfnisse hat. Deshalb ist es wichtig, eine <\/span><span>Fahrrad Rahmengr\u00f6\u00dfe<\/span><span> zu w\u00e4hlen, die am besten zu deinen anatomischen Eigenschaften, deinem Fahrstil und deinen Erwartungen passt. Im Zweifelsfall ist es immer ratsam, einen erfahrenen <\/span><span><strong>Bikefitter von Sportano<\/strong><\/span><span> zu konsultieren, der dir bei der Gr\u00f6\u00dfenbestimmung und der Einstellung deines Fahrrads helfen kann, damit es deinen individuellen Bed\u00fcrfnissen entspricht. Weitere Informationen und einen Termin in unserem Store im Homepark Targ\u00f3wek, Warschau, findest du unter:<\/span><a href=\"https:\/\/sportano.pl\/usluga-bikefitting\"><span><u> <\/u><\/span><\/a><a href=\"https:\/\/sportano.pl\/usluga-bikefitting\"><span><u><strong>Bikefitting bei Sportano<\/strong><\/u><\/span><\/a><span><strong>. <\/strong><\/span><\/p>\n","protected":false},"excerpt":{"rendered":"<p>Egal, ob du ein begeisterter Bergwanderer, ein leidenschaftlicher Rennradfahrer oder einfach nur auf der Suche nach einem bequemen Stadtrad bist &#8211; die richtige Rahmengr\u00f6\u00dfe ist entscheidend f\u00fcr Komfort, Leistung und Sicherheit und daf\u00fcr, dass du deine Fahrt in vollen Z\u00fcgen genie\u00dfen kannst. Hier erf\u00e4hrst du, was du bei der Wahl der richtigen Rahmengr\u00f6\u00dfe beachten solltest. [&hellip;]<\/p>\n","protected":false},"author":7,"featured_media":1627,"comment_status":"open","ping_status":"open","sticky":false,"template":"","format":"standard","meta":{"_acf_changed":false,"footnotes":""},"categories":[30],"tags":[],"class_list":["post-1625","post","type-post","status-publish","format-standard","has-post-thumbnail","hentry","category-fahrrader"],"acf":[],"yoast_head":"<!-- This site is optimized with the Yoast SEO plugin v27.1.1 - https:\/\/yoast.com\/product\/yoast-seo-wordpress\/ -->\n<title>Wie du dein Fahrrad richtig anpasst: Fahrrad Rahmengr\u00f6\u00dfe - sportano.DE<\/title>\n<meta name=\"robots\" content=\"index, follow, max-snippet:-1, max-image-preview:large, max-video-preview:-1\" \/>\n<link rel=\"canonical\" href=\"https:\/\/sportano.de\/blog\/wie-du-dein-fahrrad-richtig-anpasst-fahrrad-rahmengroesse\/\" \/>\n<meta property=\"og:locale\" content=\"de_DE\" \/>\n<meta property=\"og:type\" content=\"article\" \/>\n<meta property=\"og:title\" content=\"Wie du dein Fahrrad richtig anpasst: Fahrrad Rahmengr\u00f6\u00dfe - sportano.DE\" \/>\n<meta property=\"og:description\" content=\"Egal, ob du ein begeisterter Bergwanderer, ein leidenschaftlicher Rennradfahrer oder einfach nur auf der Suche nach einem bequemen Stadtrad bist &#8211; die richtige Rahmengr\u00f6\u00dfe ist entscheidend f\u00fcr Komfort, Leistung und Sicherheit und daf\u00fcr, dass du deine Fahrt in vollen Z\u00fcgen genie\u00dfen kannst. Hier erf\u00e4hrst du, was du bei der Wahl der richtigen Rahmengr\u00f6\u00dfe beachten solltest. [&hellip;]\" \/>\n<meta property=\"og:url\" content=\"https:\/\/sportano.de\/blog\/wie-du-dein-fahrrad-richtig-anpasst-fahrrad-rahmengroesse\/\" \/>\n<meta property=\"og:site_name\" content=\"sportano.DE\" \/>\n<meta property=\"article:published_time\" content=\"2024-08-20T06:40:08+00:00\" \/>\n<meta property=\"article:modified_time\" content=\"2024-08-20T06:40:09+00:00\" \/>\n<meta property=\"og:image\" content=\"http:\/\/sportano.de\/blog\/wp-content\/uploads\/2024\/08\/gdi-66c333e49c20c.jpeg\" \/>\n\t<meta property=\"og:image:width\" content=\"816\" \/>\n\t<meta property=\"og:image:height\" content=\"426\" \/>\n\t<meta property=\"og:image:type\" content=\"image\/jpeg\" \/>\n<meta name=\"author\" content=\"Sylwia Stwora-Petela\" \/>\n<meta name=\"twitter:card\" content=\"summary_large_image\" \/>\n<meta name=\"twitter:label1\" content=\"Verfasst von\" \/>\n\t<meta name=\"twitter:data1\" content=\"Sylwia Stwora-Petela\" \/>\n\t<meta name=\"twitter:label2\" content=\"Gesch\u00e4tzte Lesezeit\" \/>\n\t<meta name=\"twitter:data2\" content=\"6\u00a0Minuten\" \/>\n<!-- \/ Yoast SEO plugin. -->","yoast_head_json":{"title":"Wie du dein Fahrrad richtig anpasst: Fahrrad Rahmengr\u00f6\u00dfe - sportano.DE","robots":{"index":"index","follow":"follow","max-snippet":"max-snippet:-1","max-image-preview":"max-image-preview:large","max-video-preview":"max-video-preview:-1"},"canonical":"https:\/\/sportano.de\/blog\/wie-du-dein-fahrrad-richtig-anpasst-fahrrad-rahmengroesse\/","og_locale":"de_DE","og_type":"article","og_title":"Wie du dein Fahrrad richtig anpasst: Fahrrad Rahmengr\u00f6\u00dfe - sportano.DE","og_description":"Egal, ob du ein begeisterter Bergwanderer, ein leidenschaftlicher Rennradfahrer oder einfach nur auf der Suche nach einem bequemen Stadtrad bist &#8211; die richtige Rahmengr\u00f6\u00dfe ist entscheidend f\u00fcr Komfort, Leistung und Sicherheit und daf\u00fcr, dass du deine Fahrt in vollen Z\u00fcgen genie\u00dfen kannst. Hier erf\u00e4hrst du, was du bei der Wahl der richtigen Rahmengr\u00f6\u00dfe beachten solltest. [&hellip;]","og_url":"https:\/\/sportano.de\/blog\/wie-du-dein-fahrrad-richtig-anpasst-fahrrad-rahmengroesse\/","og_site_name":"sportano.DE","article_published_time":"2024-08-20T06:40:08+00:00","article_modified_time":"2024-08-20T06:40:09+00:00","og_image":[{"width":816,"height":426,"url":"http:\/\/sportano.de\/blog\/wp-content\/uploads\/2024\/08\/gdi-66c333e49c20c.jpeg","type":"image\/jpeg"}],"author":"Sylwia Stwora-Petela","twitter_card":"summary_large_image","twitter_misc":{"Verfasst von":"Sylwia Stwora-Petela","Gesch\u00e4tzte Lesezeit":"6\u00a0Minuten"},"schema":{"@context":"https:\/\/schema.org","@graph":[{"@type":"Article","@id":"https:\/\/sportano.de\/blog\/wie-du-dein-fahrrad-richtig-anpasst-fahrrad-rahmengroesse\/#article","isPartOf":{"@id":"https:\/\/sportano.de\/blog\/wie-du-dein-fahrrad-richtig-anpasst-fahrrad-rahmengroesse\/"},"author":{"name":"Sylwia Stwora-Petela","@id":"https:\/\/sportano.de\/blog\/#\/schema\/person\/496c907c1d625e719d055eef33988469"},"headline":"Wie du dein Fahrrad richtig anpasst: Fahrrad Rahmengr\u00f6\u00dfe","datePublished":"2024-08-20T06:40:08+00:00","dateModified":"2024-08-20T06:40:09+00:00","mainEntityOfPage":{"@id":"https:\/\/sportano.de\/blog\/wie-du-dein-fahrrad-richtig-anpasst-fahrrad-rahmengroesse\/"},"wordCount":1054,"commentCount":0,"image":{"@id":"https:\/\/sportano.de\/blog\/wie-du-dein-fahrrad-richtig-anpasst-fahrrad-rahmengroesse\/#primaryimage"},"thumbnailUrl":"https:\/\/sportano.de\/blog\/wp-content\/uploads\/2024\/08\/gdi-66c333e49c20c.jpeg","articleSection":["Fahrr\u00e4der"],"inLanguage":"de","potentialAction":[{"@type":"CommentAction","name":"Comment","target":["https:\/\/sportano.de\/blog\/wie-du-dein-fahrrad-richtig-anpasst-fahrrad-rahmengroesse\/#respond"]}]},{"@type":"WebPage","@id":"https:\/\/sportano.de\/blog\/wie-du-dein-fahrrad-richtig-anpasst-fahrrad-rahmengroesse\/","url":"https:\/\/sportano.de\/blog\/wie-du-dein-fahrrad-richtig-anpasst-fahrrad-rahmengroesse\/","name":"Wie du dein Fahrrad richtig anpasst: Fahrrad Rahmengr\u00f6\u00dfe - sportano.DE","isPartOf":{"@id":"https:\/\/sportano.de\/blog\/#website"},"primaryImageOfPage":{"@id":"https:\/\/sportano.de\/blog\/wie-du-dein-fahrrad-richtig-anpasst-fahrrad-rahmengroesse\/#primaryimage"},"image":{"@id":"https:\/\/sportano.de\/blog\/wie-du-dein-fahrrad-richtig-anpasst-fahrrad-rahmengroesse\/#primaryimage"},"thumbnailUrl":"https:\/\/sportano.de\/blog\/wp-content\/uploads\/2024\/08\/gdi-66c333e49c20c.jpeg","datePublished":"2024-08-20T06:40:08+00:00","dateModified":"2024-08-20T06:40:09+00:00","author":{"@id":"https:\/\/sportano.de\/blog\/#\/schema\/person\/496c907c1d625e719d055eef33988469"},"breadcrumb":{"@id":"https:\/\/sportano.de\/blog\/wie-du-dein-fahrrad-richtig-anpasst-fahrrad-rahmengroesse\/#breadcrumb"},"inLanguage":"de","potentialAction":[{"@type":"ReadAction","target":["https:\/\/sportano.de\/blog\/wie-du-dein-fahrrad-richtig-anpasst-fahrrad-rahmengroesse\/"]}]},{"@type":"ImageObject","inLanguage":"de","@id":"https:\/\/sportano.de\/blog\/wie-du-dein-fahrrad-richtig-anpasst-fahrrad-rahmengroesse\/#primaryimage","url":"https:\/\/sportano.de\/blog\/wp-content\/uploads\/2024\/08\/gdi-66c333e49c20c.jpeg","contentUrl":"https:\/\/sportano.de\/blog\/wp-content\/uploads\/2024\/08\/gdi-66c333e49c20c.jpeg","width":816,"height":426,"caption":"Zwei Radfahrer fahren auf einer Bergstra\u00dfe"},{"@type":"BreadcrumbList","@id":"https:\/\/sportano.de\/blog\/wie-du-dein-fahrrad-richtig-anpasst-fahrrad-rahmengroesse\/#breadcrumb","itemListElement":[{"@type":"ListItem","position":1,"name":"Home","item":"https:\/\/sportano.de\/blog\/"},{"@type":"ListItem","position":2,"name":"Wie du dein Fahrrad richtig anpasst: Fahrrad Rahmengr\u00f6\u00dfe"}]},{"@type":"WebSite","@id":"https:\/\/sportano.de\/blog\/#website","url":"https:\/\/sportano.de\/blog\/","name":"sportano.DE","description":"Online-Sportgesch\u00e4ft","potentialAction":[{"@type":"SearchAction","target":{"@type":"EntryPoint","urlTemplate":"https:\/\/sportano.de\/blog\/?s={search_term_string}"},"query-input":{"@type":"PropertyValueSpecification","valueRequired":true,"valueName":"search_term_string"}}],"inLanguage":"de"},{"@type":"Person","@id":"https:\/\/sportano.de\/blog\/#\/schema\/person\/496c907c1d625e719d055eef33988469","name":"Sylwia Stwora-Petela","image":{"@type":"ImageObject","inLanguage":"de","@id":"https:\/\/sportano.de\/blog\/#\/schema\/person\/image\/","url":"https:\/\/sportano.de\/blog\/wp-content\/uploads\/nsl_avatars\/1e6613de4243f7bdf2f223a6a516d380.png","contentUrl":"https:\/\/sportano.de\/blog\/wp-content\/uploads\/nsl_avatars\/1e6613de4243f7bdf2f223a6a516d380.png","caption":"Sylwia Stwora-Petela"}}]}},"_links":{"self":[{"href":"https:\/\/sportano.de\/blog\/wp-json\/wp\/v2\/posts\/1625","targetHints":{"allow":["GET"]}}],"collection":[{"href":"https:\/\/sportano.de\/blog\/wp-json\/wp\/v2\/posts"}],"about":[{"href":"https:\/\/sportano.de\/blog\/wp-json\/wp\/v2\/types\/post"}],"author":[{"embeddable":true,"href":"https:\/\/sportano.de\/blog\/wp-json\/wp\/v2\/users\/7"}],"replies":[{"embeddable":true,"href":"https:\/\/sportano.de\/blog\/wp-json\/wp\/v2\/comments?post=1625"}],"version-history":[{"count":4,"href":"https:\/\/sportano.de\/blog\/wp-json\/wp\/v2\/posts\/1625\/revisions"}],"predecessor-version":[{"id":1676,"href":"https:\/\/sportano.de\/blog\/wp-json\/wp\/v2\/posts\/1625\/revisions\/1676"}],"wp:featuredmedia":[{"embeddable":true,"href":"https:\/\/sportano.de\/blog\/wp-json\/wp\/v2\/media\/1627"}],"wp:attachment":[{"href":"https:\/\/sportano.de\/blog\/wp-json\/wp\/v2\/media?parent=1625"}],"wp:term":[{"taxonomy":"category","embeddable":true,"href":"https:\/\/sportano.de\/blog\/wp-json\/wp\/v2\/categories?post=1625"},{"taxonomy":"post_tag","embeddable":true,"href":"https:\/\/sportano.de\/blog\/wp-json\/wp\/v2\/tags?post=1625"}],"curies":[{"name":"wp","href":"https:\/\/api.w.org\/{rel}","templated":true}]}}